{"id":127,"date":"2026-02-03T09:00:11","date_gmt":"2026-02-03T12:00:11","guid":{"rendered":"https:\/\/escritoriouniversal.com.br\/blog\/?p=127"},"modified":"2025-11-03T09:03:57","modified_gmt":"2025-11-03T12:03:57","slug":"reforma-tributaria-no-mercado-imobiliario-novas-regras-para-aluguel-e-venda","status":"publish","type":"post","link":"https:\/\/escritoriouniversal.com.br\/blog\/2026\/02\/reforma-tributaria-no-mercado-imobiliario-novas-regras-para-aluguel-e-venda\/","title":{"rendered":"Reforma tribut\u00e1ria no mercado imobili\u00e1rio: novas regras para aluguel e venda"},"content":{"rendered":"\n<p>A reforma tribut\u00e1ria no mercado imobili\u00e1rio vai mexer no seu patrim\u00f4nio como quem troca a fechadura sem avisar e ainda muda o manual da porta.<\/p>\n\n\n\n<p>Antes de cancelar o caf\u00e9 e abrir a planilha em modo p\u00e2nico, vale entender que a mudan\u00e7a tamb\u00e9m abre janela. Com regras mais claras, previsibilidade cresce e o investidor que se organiza sai na frente.<\/p>\n\n\n\n<p>O truque, como sempre, est\u00e1 no detalhe que ningu\u00e9m l\u00ea e no contrato que todo mundo assina.<\/p>\n\n\n\n<p>Para quem vive de tijolo, a <a href=\"https:\/\/escritoriouniversal.com.br\/blog\/2025\/11\/guia-da-reforma-tributaria-2026-2033-como-preparar-seu-negocio-agora\/\">reforma tribut\u00e1ria<\/a> no mercado imobili\u00e1rio n\u00e3o \u00e9 um cap\u00edtulo \u00e0 parte do Di\u00e1rio Oficial.<\/p>\n\n\n\n<p>\u00c9 a hist\u00f3ria principal. De locadores pessoa f\u00edsica a holdings com dezenas de unidades, todo mundo foi convidado para a nova temporada.<\/p>\n\n\n\n<p>Alguns chegam com desconto de bilheteria, outros com papel de coadjuvante que paga caro se improvisar. Nosso papel aqui \u00e9 traduzir a novela com humor de boteco e precis\u00e3o de laborat\u00f3rio e, de quebra, mostrar onde a Cont\u00e1bil Universal entra com a prancheta e o desfibrilador do seu fluxo de caixa.<\/p>\n\n\n\n<h2 class=\"wp-block-heading\">Como fica a tributa\u00e7\u00e3o de aluguel na reforma tribut\u00e1ria no mercado imobili\u00e1rio?<\/h2>\n\n\n\n<p>Comecemos pelo aluguel, onde mora a d\u00favida que mais lota o balc\u00e3o do contador. Com a reforma tribut\u00e1ria no mercado imobili\u00e1rio, a loca\u00e7\u00e3o ganhou r\u00e9gua pr\u00f3pria. O IR da pessoa f\u00edsica continua existindo, progressivo como sempre.<\/p>\n\n\n\n<p>A novidade \u00e9 o enquadramento para fins de consumo quando a opera\u00e7\u00e3o deixa de ser quase caseira e vira neg\u00f3cio de verdade aos olhos do Fisco.<\/p>\n\n\n\n<h3 class=\"wp-block-heading\">Pessoa f\u00edsica paga IBS sobre aluguel?<\/h3>\n\n\n\n<p>A r\u00e9gua \u00e9 objetiva o suficiente para caber num guardanapo. Se a receita anual de loca\u00e7\u00e3o da pessoa f\u00edsica ultrapassar 240 mil reais ou se houver explora\u00e7\u00e3o com mais de tr\u00eas im\u00f3veis, o locador passa a ser contribuinte de IBS e CBS na atividade de aluguel, al\u00e9m do IR.<\/p>\n\n\n\n<p>Em bom portugu\u00eas, a atividade ganha o crach\u00e1 de contribuinte do consumo por habitualidade. N\u00e3o \u00e9 puni\u00e7\u00e3o. \u00c9 reconhecimento de que a opera\u00e7\u00e3o se aproxima do padr\u00e3o empresarial.<\/p>\n\n\n\n<p>Para a pessoa f\u00edsica que flerta com o volume, a reforma tribut\u00e1ria no mercado imobili\u00e1rio pede planejamento, n\u00e3o gambiarras.<\/p>\n\n\n\n<h3 class=\"wp-block-heading\">Redutores e benef\u00edcios na loca\u00e7\u00e3o residencial<\/h3>\n\n\n\n<p>Nem tudo \u00e9 ped\u00e1gio. Para contratos residenciais, h\u00e1 redu\u00e7\u00e3o de 70 por cento na base de c\u00e1lculo de IBS e CBS, o que derruba a carga efetiva frente \u00e0 al\u00edquota cheia.<\/p>\n\n\n\n<p>\u00c9 pol\u00edtica p\u00fablica embrulhada em planilha. A ideia \u00e9 aliviar a loca\u00e7\u00e3o de moradia, sem fechar a torneira de arrecada\u00e7\u00e3o.<\/p>\n\n\n\n<p>Funciona melhor quando a documenta\u00e7\u00e3o conversa com a realidade. Contrato alinhado, emiss\u00e3o correta e cadastro sem atalhos. Em outras palavras, a reforma tribut\u00e1ria no mercado imobili\u00e1rio oferece o desconto, mas exige a etiqueta certa na prateleira.<\/p>\n\n\n\n<p>Vem um pit stop criativo no meio do caminho. Se sua carteira de loca\u00e7\u00e3o est\u00e1 crescendo, chame a Cont\u00e1bil Universal para um plant\u00e3o imobili\u00e1rio de 60 minutos.<\/p>\n\n\n\n<p>A gente mapeia seu mix, testa cen\u00e1rios com e sem habitualidade, projeta o efeito l\u00edquido do redutor e te entrega um roteiro de emiss\u00e3o que a equipe consegue seguir sem drama. Spoiler honesto. D\u00e1 para dormir melhor com o contrato na mesa e os n\u00fameros no lugar.<\/p>\n\n\n\n<h2 class=\"wp-block-heading\">IBS e CBS na venda de im\u00f3veis: o que muda?<\/h2>\n\n\n\n<p>Na hora de vender, a conversa se divide entre pessoa f\u00edsica e pessoa jur\u00eddica. Para PF, o velho conhecido \u00e9 o IR sobre ganho de capital, com faixas progressivas conforme a legisla\u00e7\u00e3o.<\/p>\n\n\n\n<p>IBS e CBS n\u00e3o entram, a menos que a rotina de vendas do contribuinte mostre que aquilo virou atividade empresarial, com crit\u00e9rios de habitualidade bem definidos em lei infraconstitucional.<\/p>\n\n\n\n<p>Na pr\u00e1tica, quem compra e revende de forma repetida, quem constr\u00f3i por conta pr\u00f3pria para vender em s\u00e9rie e quem gira estoque como neg\u00f3cio pode entrar na moldura do consumo.<\/p>\n\n\n\n<p>Por isso, logo aqui no come\u00e7o, a reforma tribut\u00e1ria no mercado imobili\u00e1rio recomenda uma revis\u00e3o estrat\u00e9gica do seu calend\u00e1rio de aliena\u00e7\u00f5es.<\/p>\n\n\n\n<p>Para PJ, o enredo \u00e9 direto. Na venda de im\u00f3veis, IBS e CBS incidem sobre o valor agregado, com redu\u00e7\u00e3o de 50 por cento da base de c\u00e1lculo prevista para opera\u00e7\u00f5es de venda, al\u00e9m do jogo de cr\u00e9ditos ao longo do ciclo do projeto.<\/p>\n\n\n\n<p>O resultado efetivo depende do seu custo, do que foi credit\u00e1vel na constru\u00e7\u00e3o e do timing da aliena\u00e7\u00e3o. Em empresas que fazem incorpora\u00e7\u00e3o e loteamento, d\u00e1 para construir um pipeline de cr\u00e9ditos que reduz a mordida do consumo sem malabarismo.<\/p>\n\n\n\n<p>Em neg\u00f3cios que compram pronto para revender, a efici\u00eancia mora na escolha do estoque, na precifica\u00e7\u00e3o e no calend\u00e1rio.<\/p>\n\n\n\n<p>Em todas as hip\u00f3teses, a reforma tribut\u00e1ria no mercado imobili\u00e1rio pede n\u00fameros frios e contrato quente.<\/p>\n\n\n\n<p>Exemplos ajudam. Pense em um empreendimento com obras de longa dura\u00e7\u00e3o. Insumos, servi\u00e7os de engenharia, energia e log\u00edstica geram cr\u00e9ditos que atravessam a obra como trilhos.<\/p>\n\n\n\n<p>Quando a venda acontece, a base reduzida conversa com o cr\u00e9dito acumulado e a carga efetiva cai para um patamar administr\u00e1vel. J\u00e1 na opera\u00e7\u00e3o oportunista que compra e revende, o cr\u00e9dito \u00e9 mais t\u00edmido.<\/p>\n\n\n\n<p>A margem tem de ser calibrada com lupa. O improviso custa caro exatamente onde o mercado \u00e9 mais sens\u00edvel.<\/p>\n\n\n\n<h2 class=\"wp-block-heading\">Holding patrimonial na reforma tribut\u00e1ria no mercado imobili\u00e1rio: ainda \u00e9 vantajoso?<\/h2>\n\n\n\n<p>Segurou o f\u00f4lego por causa da sua holding. Calma que tem nuance. Holding continua sendo ferramenta v\u00e1lida para governan\u00e7a, sucess\u00e3o e blindagem operacional. O que muda \u00e9 a lista de perguntas que voc\u00ea precisa responder antes de manter ou criar uma estrutura.<\/p>\n\n\n\n<p>Qual o tamanho do portf\u00f3lio. Qual a finalidade principal. Como fica a sucess\u00e3o. Onde entra a loca\u00e7\u00e3o residencial com base reduzida. Quais riscos contratuais vivem escondidos em cl\u00e1usulas antigas.<\/p>\n\n\n\n<p>A reforma tribut\u00e1ria no mercado imobili\u00e1rio n\u00e3o matou a holding. S\u00f3 tirou a aura de solu\u00e7\u00e3o m\u00e1gica e colocou lupa na matem\u00e1tica.<\/p>\n\n\n\n<p>Nos pr\u00f3s, permanecem organiza\u00e7\u00e3o societ\u00e1ria, planejamento sucess\u00f3rio, separa\u00e7\u00e3o de riscos e, em alguns casos, efici\u00eancia fiscal na gest\u00e3o de receitas e despesas.<\/p>\n\n\n\n<p>Nos contras, entram custos de manuten\u00e7\u00e3o, governan\u00e7a que precisa ser levada a s\u00e9rio e a necessidade de adaptar contratos e cadastros para a nova gram\u00e1tica do consumo.<\/p>\n\n\n\n<p>Em portf\u00f3lios com predomin\u00e2ncia de loca\u00e7\u00e3o residencial, o redutor pode ser capturado tanto em PF quanto em PJ, desde que documenta\u00e7\u00e3o e emiss\u00e3o conversem direito.<\/p>\n\n\n\n<p>Em opera\u00e7\u00f5es mistas, a clareza de centros de custo e a segrega\u00e7\u00e3o por CNPJ evitam que o benef\u00edcio de um servi\u00e7o contaminado pelo erro de outro evapore sem aviso.<\/p>\n\n\n\n<p>Em resumo, a decis\u00e3o \u00e9 caso a caso, e a reforma tribut\u00e1ria no mercado imobili\u00e1rio convida voc\u00ea a refazer a conta com dados de 2026 em diante, n\u00e3o com saudade de 2019.<\/p>\n\n\n\n<p>Pro tip de quem vive o assunto. Fa\u00e7a um raio X da sua estrutura com tr\u00eas camadas. Jur\u00eddica, cont\u00e1bil e operacional. No fim, compare dois cen\u00e1rios com e sem holding, ambos j\u00e1 calibrados para as novas incid\u00eancias de consumo.<\/p>\n\n\n\n<p>Se a diferen\u00e7a de caixa for marginal, deixe a decis\u00e3o ser guiada por governan\u00e7a e sucess\u00e3o. Se for robusta, a matem\u00e1tica responde sozinha.<\/p>\n\n\n\n<p>E, claro, n\u00e3o v\u00e1 sozinho. A Cont\u00e1bil Universal conduz esse diagn\u00f3stico como quem monta um check-up executivo do patrim\u00f4nio, com relat\u00f3rio que fala a l\u00edngua do s\u00f3cio e do herdeiro.<\/p>\n\n\n\n<h2 class=\"wp-block-heading\">Conclus\u00e3o<\/h2>\n\n\n\n<p>No mundo real, onde boleto vence e locat\u00e1rio liga fora de hora, a mensagem \u00e9 direta. A reforma tribut\u00e1ria no mercado imobili\u00e1rio muda o jogo do aluguel e ajusta as regras da venda, traz base reduzida para moradia, aproxima a PF habituada a grande volume do regime de consumo e redesenha a equa\u00e7\u00e3o da PJ que constr\u00f3i e aliena.<\/p>\n\n\n\n<p>Quem fizer o dever de casa agora revisa contratos, organiza cadastros, simula cen\u00e1rios e entra em 2026 com f\u00f4lego. Quem adiar vai aprender nas primeiras autua\u00e7\u00f5es ou na primeira negocia\u00e7\u00e3o perdida por pre\u00e7o mal calculado.<\/p>\n\n\n\n<p>A boa not\u00edcia \u00e9 que previsibilidade melhora e o mercado recompensa quem entrega transpar\u00eancia.<\/p>\n\n\n\n<p>A pergunta que fica \u00e9 simples. Voc\u00ea prefere contar com sorte ou com m\u00e9todo.<\/p>\n\n\n\n<p>Se a decis\u00e3o \u00e9 por m\u00e9todo, fale com os especialistas da Cont\u00e1bil Universal e agende um diagn\u00f3stico do seu portf\u00f3lio com foco em aluguel, venda e estrutura societ\u00e1ria, j\u00e1 sob as regras novas.<\/p>\n\n\n\n<p>Para aprofundar e conectar todas as pe\u00e7as, <a href=\"https:\/\/www.escritoriouniversal.com.br\/materiais-educativos\/88\/guia-da-reforma-tributaria-2026-2033--como-preparar-seu-negocio-agora\">baixe gratuitamente o e-book<\/a> \u201cReforma Tribut\u00e1ria: o guia definitivo para entender IBS, CBS e o fim do ICMS\u201d.<\/p>\n","protected":false},"excerpt":{"rendered":"<p>A reforma tribut\u00e1ria no mercado imobili\u00e1rio vai mexer no seu patrim\u00f4nio como quem troca a fechadura sem avisar e ainda muda o manual da porta. &#8230;. <\/p>\n","protected":false},"author":1,"featured_media":128,"comment_status":"closed","ping_status":"open","sticky":false,"template":"","format":"standard","meta":{"footnotes":""},"categories":[4],"tags":[],"class_list":["post-127","post","type-post","status-publish","format-standard","has-post-thumbnail","hentry","category-materia-exclusiva"],"yoast_head":"<!-- This site is optimized with the Yoast SEO plugin v22.8 - https:\/\/yoast.com\/wordpress\/plugins\/seo\/ -->\n<title>Reforma tribut\u00e1ria no mercado imobili\u00e1rio: novas regras para aluguel e venda - Escrit\u00f3rio Cont\u00e1bil Universal<\/title>\n<meta name=\"description\" content=\"Reforma tribut\u00e1ria no mercado imobili\u00e1rio: Entenda as novas regras de aluguel e venda. Guia de especialistas. Acesse agora!\" \/>\n<meta name=\"robots\" content=\"index, follow, max-snippet:-1, max-image-preview:large, max-video-preview:-1\" \/>\n<link rel=\"canonical\" href=\"https:\/\/escritoriouniversal.com.br\/blog\/2026\/02\/reforma-tributaria-no-mercado-imobiliario-novas-regras-para-aluguel-e-venda\/\" \/>\n<meta property=\"og:locale\" content=\"pt_BR\" \/>\n<meta property=\"og:type\" content=\"article\" \/>\n<meta property=\"og:title\" content=\"Reforma tribut\u00e1ria no mercado imobili\u00e1rio: novas regras para aluguel e venda - Escrit\u00f3rio Cont\u00e1bil Universal\" \/>\n<meta property=\"og:description\" content=\"Reforma tribut\u00e1ria no mercado imobili\u00e1rio: Entenda as novas regras de aluguel e venda. Guia de especialistas. Acesse agora!\" \/>\n<meta property=\"og:url\" content=\"https:\/\/escritoriouniversal.com.br\/blog\/2026\/02\/reforma-tributaria-no-mercado-imobiliario-novas-regras-para-aluguel-e-venda\/\" \/>\n<meta property=\"og:site_name\" content=\"Escrit\u00f3rio Cont\u00e1bil Universal\" \/>\n<meta property=\"article:published_time\" content=\"2026-02-03T12:00:11+00:00\" \/>\n<meta property=\"article:modified_time\" content=\"2025-11-03T12:03:57+00:00\" \/>\n<meta property=\"og:image\" content=\"https:\/\/escritoriouniversal.com.br\/blog\/wp-content\/uploads\/2025\/11\/Reforma-tributaria-no-mercado-imobiliario_-BLOG.png\" \/>\n\t<meta property=\"og:image:width\" content=\"1200\" \/>\n\t<meta property=\"og:image:height\" content=\"630\" \/>\n\t<meta property=\"og:image:type\" content=\"image\/png\" \/>\n<meta name=\"author\" content=\"admin\" \/>\n<meta name=\"twitter:card\" content=\"summary_large_image\" \/>\n<meta name=\"twitter:label1\" content=\"Escrito por\" \/>\n\t<meta name=\"twitter:data1\" content=\"admin\" \/>\n\t<meta name=\"twitter:label2\" content=\"Est. tempo de leitura\" \/>\n\t<meta name=\"twitter:data2\" content=\"8 minutos\" \/>\n<script type=\"application\/ld+json\" class=\"yoast-schema-graph\">{\"@context\":\"https:\/\/schema.org\",\"@graph\":[{\"@type\":\"Article\",\"@id\":\"https:\/\/escritoriouniversal.com.br\/blog\/2026\/02\/reforma-tributaria-no-mercado-imobiliario-novas-regras-para-aluguel-e-venda\/#article\",\"isPartOf\":{\"@id\":\"https:\/\/escritoriouniversal.com.br\/blog\/2026\/02\/reforma-tributaria-no-mercado-imobiliario-novas-regras-para-aluguel-e-venda\/\"},\"author\":{\"name\":\"admin\",\"@id\":\"https:\/\/escritoriouniversal.com.br\/blog\/#\/schema\/person\/4ec9f6743d0b90a19cff2f0b805e3917\"},\"headline\":\"Reforma tribut\u00e1ria no mercado imobili\u00e1rio: novas regras para aluguel e venda\",\"datePublished\":\"2026-02-03T12:00:11+00:00\",\"dateModified\":\"2025-11-03T12:03:57+00:00\",\"mainEntityOfPage\":{\"@id\":\"https:\/\/escritoriouniversal.com.br\/blog\/2026\/02\/reforma-tributaria-no-mercado-imobiliario-novas-regras-para-aluguel-e-venda\/\"},\"wordCount\":1524,\"publisher\":{\"@id\":\"https:\/\/escritoriouniversal.com.br\/blog\/#organization\"},\"image\":{\"@id\":\"https:\/\/escritoriouniversal.com.br\/blog\/2026\/02\/reforma-tributaria-no-mercado-imobiliario-novas-regras-para-aluguel-e-venda\/#primaryimage\"},\"thumbnailUrl\":\"https:\/\/escritoriouniversal.com.br\/blog\/wp-content\/uploads\/2025\/11\/Reforma-tributaria-no-mercado-imobiliario_-BLOG.png\",\"articleSection\":[\"Mat\u00e9ria Exclusiva\"],\"inLanguage\":\"pt-BR\"},{\"@type\":\"WebPage\",\"@id\":\"https:\/\/escritoriouniversal.com.br\/blog\/2026\/02\/reforma-tributaria-no-mercado-imobiliario-novas-regras-para-aluguel-e-venda\/\",\"url\":\"https:\/\/escritoriouniversal.com.br\/blog\/2026\/02\/reforma-tributaria-no-mercado-imobiliario-novas-regras-para-aluguel-e-venda\/\",\"name\":\"Reforma tribut\u00e1ria no mercado imobili\u00e1rio: novas regras para aluguel e venda - Escrit\u00f3rio Cont\u00e1bil Universal\",\"isPartOf\":{\"@id\":\"https:\/\/escritoriouniversal.com.br\/blog\/#website\"},\"primaryImageOfPage\":{\"@id\":\"https:\/\/escritoriouniversal.com.br\/blog\/2026\/02\/reforma-tributaria-no-mercado-imobiliario-novas-regras-para-aluguel-e-venda\/#primaryimage\"},\"image\":{\"@id\":\"https:\/\/escritoriouniversal.com.br\/blog\/2026\/02\/reforma-tributaria-no-mercado-imobiliario-novas-regras-para-aluguel-e-venda\/#primaryimage\"},\"thumbnailUrl\":\"https:\/\/escritoriouniversal.com.br\/blog\/wp-content\/uploads\/2025\/11\/Reforma-tributaria-no-mercado-imobiliario_-BLOG.png\",\"datePublished\":\"2026-02-03T12:00:11+00:00\",\"dateModified\":\"2025-11-03T12:03:57+00:00\",\"description\":\"Reforma tribut\u00e1ria no mercado imobili\u00e1rio: Entenda as novas regras de aluguel e venda. Guia de especialistas. Acesse agora!\",\"breadcrumb\":{\"@id\":\"https:\/\/escritoriouniversal.com.br\/blog\/2026\/02\/reforma-tributaria-no-mercado-imobiliario-novas-regras-para-aluguel-e-venda\/#breadcrumb\"},\"inLanguage\":\"pt-BR\",\"potentialAction\":[{\"@type\":\"ReadAction\",\"target\":[\"https:\/\/escritoriouniversal.com.br\/blog\/2026\/02\/reforma-tributaria-no-mercado-imobiliario-novas-regras-para-aluguel-e-venda\/\"]}]},{\"@type\":\"ImageObject\",\"inLanguage\":\"pt-BR\",\"@id\":\"https:\/\/escritoriouniversal.com.br\/blog\/2026\/02\/reforma-tributaria-no-mercado-imobiliario-novas-regras-para-aluguel-e-venda\/#primaryimage\",\"url\":\"https:\/\/escritoriouniversal.com.br\/blog\/wp-content\/uploads\/2025\/11\/Reforma-tributaria-no-mercado-imobiliario_-BLOG.png\",\"contentUrl\":\"https:\/\/escritoriouniversal.com.br\/blog\/wp-content\/uploads\/2025\/11\/Reforma-tributaria-no-mercado-imobiliario_-BLOG.png\",\"width\":1200,\"height\":630},{\"@type\":\"BreadcrumbList\",\"@id\":\"https:\/\/escritoriouniversal.com.br\/blog\/2026\/02\/reforma-tributaria-no-mercado-imobiliario-novas-regras-para-aluguel-e-venda\/#breadcrumb\",\"itemListElement\":[{\"@type\":\"ListItem\",\"position\":1,\"name\":\"In\u00edcio\",\"item\":\"https:\/\/escritoriouniversal.com.br\/blog\/\"},{\"@type\":\"ListItem\",\"position\":2,\"name\":\"Reforma tribut\u00e1ria no mercado imobili\u00e1rio: novas regras para aluguel e venda\"}]},{\"@type\":\"WebSite\",\"@id\":\"https:\/\/escritoriouniversal.com.br\/blog\/#website\",\"url\":\"https:\/\/escritoriouniversal.com.br\/blog\/\",\"name\":\"Escrit\u00f3rio Cont\u00e1bil Universal\",\"description\":\"Blog\",\"publisher\":{\"@id\":\"https:\/\/escritoriouniversal.com.br\/blog\/#organization\"},\"potentialAction\":[{\"@type\":\"SearchAction\",\"target\":{\"@type\":\"EntryPoint\",\"urlTemplate\":\"https:\/\/escritoriouniversal.com.br\/blog\/?s={search_term_string}\"},\"query-input\":\"required name=search_term_string\"}],\"inLanguage\":\"pt-BR\"},{\"@type\":\"Organization\",\"@id\":\"https:\/\/escritoriouniversal.com.br\/blog\/#organization\",\"name\":\"Escrit\u00f3rio Cont\u00e1bil Universal\",\"url\":\"https:\/\/escritoriouniversal.com.br\/blog\/\",\"logo\":{\"@type\":\"ImageObject\",\"inLanguage\":\"pt-BR\",\"@id\":\"https:\/\/escritoriouniversal.com.br\/blog\/#\/schema\/logo\/image\/\",\"url\":\"https:\/\/escritoriouniversal.com.br\/blog\/wp-content\/uploads\/2024\/05\/cropped-logo-blog-1.png\",\"contentUrl\":\"https:\/\/escritoriouniversal.com.br\/blog\/wp-content\/uploads\/2024\/05\/cropped-logo-blog-1.png\",\"width\":180,\"height\":112,\"caption\":\"Escrit\u00f3rio Cont\u00e1bil Universal\"},\"image\":{\"@id\":\"https:\/\/escritoriouniversal.com.br\/blog\/#\/schema\/logo\/image\/\"}},{\"@type\":\"Person\",\"@id\":\"https:\/\/escritoriouniversal.com.br\/blog\/#\/schema\/person\/4ec9f6743d0b90a19cff2f0b805e3917\",\"name\":\"admin\",\"image\":{\"@type\":\"ImageObject\",\"inLanguage\":\"pt-BR\",\"@id\":\"https:\/\/escritoriouniversal.com.br\/blog\/#\/schema\/person\/image\/\",\"url\":\"https:\/\/secure.gravatar.com\/avatar\/69464b534d2023ca65c07a6c347dd06869cc42f05337a49c7bd6a16a0c08b2dc?s=96&d=mm&r=g\",\"contentUrl\":\"https:\/\/secure.gravatar.com\/avatar\/69464b534d2023ca65c07a6c347dd06869cc42f05337a49c7bd6a16a0c08b2dc?s=96&d=mm&r=g\",\"caption\":\"admin\"},\"sameAs\":[\"https:\/\/escritoriouniversal.com.br\/blog\"],\"url\":\"https:\/\/escritoriouniversal.com.br\/blog\/author\/admin\/\"}]}<\/script>\n<!-- \/ Yoast SEO plugin. -->","yoast_head_json":{"title":"Reforma tribut\u00e1ria no mercado imobili\u00e1rio: novas regras para aluguel e venda - Escrit\u00f3rio Cont\u00e1bil Universal","description":"Reforma tribut\u00e1ria no mercado imobili\u00e1rio: Entenda as novas regras de aluguel e venda. Guia de especialistas. Acesse agora!","robots":{"index":"index","follow":"follow","max-snippet":"max-snippet:-1","max-image-preview":"max-image-preview:large","max-video-preview":"max-video-preview:-1"},"canonical":"https:\/\/escritoriouniversal.com.br\/blog\/2026\/02\/reforma-tributaria-no-mercado-imobiliario-novas-regras-para-aluguel-e-venda\/","og_locale":"pt_BR","og_type":"article","og_title":"Reforma tribut\u00e1ria no mercado imobili\u00e1rio: novas regras para aluguel e venda - Escrit\u00f3rio Cont\u00e1bil Universal","og_description":"Reforma tribut\u00e1ria no mercado imobili\u00e1rio: Entenda as novas regras de aluguel e venda. Guia de especialistas. Acesse agora!","og_url":"https:\/\/escritoriouniversal.com.br\/blog\/2026\/02\/reforma-tributaria-no-mercado-imobiliario-novas-regras-para-aluguel-e-venda\/","og_site_name":"Escrit\u00f3rio Cont\u00e1bil Universal","article_published_time":"2026-02-03T12:00:11+00:00","article_modified_time":"2025-11-03T12:03:57+00:00","og_image":[{"width":1200,"height":630,"url":"https:\/\/escritoriouniversal.com.br\/blog\/wp-content\/uploads\/2025\/11\/Reforma-tributaria-no-mercado-imobiliario_-BLOG.png","type":"image\/png"}],"author":"admin","twitter_card":"summary_large_image","twitter_misc":{"Escrito por":"admin","Est. tempo de leitura":"8 minutos"},"schema":{"@context":"https:\/\/schema.org","@graph":[{"@type":"Article","@id":"https:\/\/escritoriouniversal.com.br\/blog\/2026\/02\/reforma-tributaria-no-mercado-imobiliario-novas-regras-para-aluguel-e-venda\/#article","isPartOf":{"@id":"https:\/\/escritoriouniversal.com.br\/blog\/2026\/02\/reforma-tributaria-no-mercado-imobiliario-novas-regras-para-aluguel-e-venda\/"},"author":{"name":"admin","@id":"https:\/\/escritoriouniversal.com.br\/blog\/#\/schema\/person\/4ec9f6743d0b90a19cff2f0b805e3917"},"headline":"Reforma tribut\u00e1ria no mercado imobili\u00e1rio: novas regras para aluguel e venda","datePublished":"2026-02-03T12:00:11+00:00","dateModified":"2025-11-03T12:03:57+00:00","mainEntityOfPage":{"@id":"https:\/\/escritoriouniversal.com.br\/blog\/2026\/02\/reforma-tributaria-no-mercado-imobiliario-novas-regras-para-aluguel-e-venda\/"},"wordCount":1524,"publisher":{"@id":"https:\/\/escritoriouniversal.com.br\/blog\/#organization"},"image":{"@id":"https:\/\/escritoriouniversal.com.br\/blog\/2026\/02\/reforma-tributaria-no-mercado-imobiliario-novas-regras-para-aluguel-e-venda\/#primaryimage"},"thumbnailUrl":"https:\/\/escritoriouniversal.com.br\/blog\/wp-content\/uploads\/2025\/11\/Reforma-tributaria-no-mercado-imobiliario_-BLOG.png","articleSection":["Mat\u00e9ria Exclusiva"],"inLanguage":"pt-BR"},{"@type":"WebPage","@id":"https:\/\/escritoriouniversal.com.br\/blog\/2026\/02\/reforma-tributaria-no-mercado-imobiliario-novas-regras-para-aluguel-e-venda\/","url":"https:\/\/escritoriouniversal.com.br\/blog\/2026\/02\/reforma-tributaria-no-mercado-imobiliario-novas-regras-para-aluguel-e-venda\/","name":"Reforma tribut\u00e1ria no mercado imobili\u00e1rio: novas regras para aluguel e venda - Escrit\u00f3rio Cont\u00e1bil Universal","isPartOf":{"@id":"https:\/\/escritoriouniversal.com.br\/blog\/#website"},"primaryImageOfPage":{"@id":"https:\/\/escritoriouniversal.com.br\/blog\/2026\/02\/reforma-tributaria-no-mercado-imobiliario-novas-regras-para-aluguel-e-venda\/#primaryimage"},"image":{"@id":"https:\/\/escritoriouniversal.com.br\/blog\/2026\/02\/reforma-tributaria-no-mercado-imobiliario-novas-regras-para-aluguel-e-venda\/#primaryimage"},"thumbnailUrl":"https:\/\/escritoriouniversal.com.br\/blog\/wp-content\/uploads\/2025\/11\/Reforma-tributaria-no-mercado-imobiliario_-BLOG.png","datePublished":"2026-02-03T12:00:11+00:00","dateModified":"2025-11-03T12:03:57+00:00","description":"Reforma tribut\u00e1ria no mercado imobili\u00e1rio: Entenda as novas regras de aluguel e venda. Guia de especialistas. Acesse agora!","breadcrumb":{"@id":"https:\/\/escritoriouniversal.com.br\/blog\/2026\/02\/reforma-tributaria-no-mercado-imobiliario-novas-regras-para-aluguel-e-venda\/#breadcrumb"},"inLanguage":"pt-BR","potentialAction":[{"@type":"ReadAction","target":["https:\/\/escritoriouniversal.com.br\/blog\/2026\/02\/reforma-tributaria-no-mercado-imobiliario-novas-regras-para-aluguel-e-venda\/"]}]},{"@type":"ImageObject","inLanguage":"pt-BR","@id":"https:\/\/escritoriouniversal.com.br\/blog\/2026\/02\/reforma-tributaria-no-mercado-imobiliario-novas-regras-para-aluguel-e-venda\/#primaryimage","url":"https:\/\/escritoriouniversal.com.br\/blog\/wp-content\/uploads\/2025\/11\/Reforma-tributaria-no-mercado-imobiliario_-BLOG.png","contentUrl":"https:\/\/escritoriouniversal.com.br\/blog\/wp-content\/uploads\/2025\/11\/Reforma-tributaria-no-mercado-imobiliario_-BLOG.png","width":1200,"height":630},{"@type":"BreadcrumbList","@id":"https:\/\/escritoriouniversal.com.br\/blog\/2026\/02\/reforma-tributaria-no-mercado-imobiliario-novas-regras-para-aluguel-e-venda\/#breadcrumb","itemListElement":[{"@type":"ListItem","position":1,"name":"In\u00edcio","item":"https:\/\/escritoriouniversal.com.br\/blog\/"},{"@type":"ListItem","position":2,"name":"Reforma tribut\u00e1ria no mercado imobili\u00e1rio: novas regras para aluguel e venda"}]},{"@type":"WebSite","@id":"https:\/\/escritoriouniversal.com.br\/blog\/#website","url":"https:\/\/escritoriouniversal.com.br\/blog\/","name":"Escrit\u00f3rio Cont\u00e1bil Universal","description":"Blog","publisher":{"@id":"https:\/\/escritoriouniversal.com.br\/blog\/#organization"},"potentialAction":[{"@type":"SearchAction","target":{"@type":"EntryPoint","urlTemplate":"https:\/\/escritoriouniversal.com.br\/blog\/?s={search_term_string}"},"query-input":"required name=search_term_string"}],"inLanguage":"pt-BR"},{"@type":"Organization","@id":"https:\/\/escritoriouniversal.com.br\/blog\/#organization","name":"Escrit\u00f3rio Cont\u00e1bil Universal","url":"https:\/\/escritoriouniversal.com.br\/blog\/","logo":{"@type":"ImageObject","inLanguage":"pt-BR","@id":"https:\/\/escritoriouniversal.com.br\/blog\/#\/schema\/logo\/image\/","url":"https:\/\/escritoriouniversal.com.br\/blog\/wp-content\/uploads\/2024\/05\/cropped-logo-blog-1.png","contentUrl":"https:\/\/escritoriouniversal.com.br\/blog\/wp-content\/uploads\/2024\/05\/cropped-logo-blog-1.png","width":180,"height":112,"caption":"Escrit\u00f3rio Cont\u00e1bil Universal"},"image":{"@id":"https:\/\/escritoriouniversal.com.br\/blog\/#\/schema\/logo\/image\/"}},{"@type":"Person","@id":"https:\/\/escritoriouniversal.com.br\/blog\/#\/schema\/person\/4ec9f6743d0b90a19cff2f0b805e3917","name":"admin","image":{"@type":"ImageObject","inLanguage":"pt-BR","@id":"https:\/\/escritoriouniversal.com.br\/blog\/#\/schema\/person\/image\/","url":"https:\/\/secure.gravatar.com\/avatar\/69464b534d2023ca65c07a6c347dd06869cc42f05337a49c7bd6a16a0c08b2dc?s=96&d=mm&r=g","contentUrl":"https:\/\/secure.gravatar.com\/avatar\/69464b534d2023ca65c07a6c347dd06869cc42f05337a49c7bd6a16a0c08b2dc?s=96&d=mm&r=g","caption":"admin"},"sameAs":["https:\/\/escritoriouniversal.com.br\/blog"],"url":"https:\/\/escritoriouniversal.com.br\/blog\/author\/admin\/"}]}},"_links":{"self":[{"href":"https:\/\/escritoriouniversal.com.br\/blog\/wp-json\/wp\/v2\/posts\/127","targetHints":{"allow":["GET"]}}],"collection":[{"href":"https:\/\/escritoriouniversal.com.br\/blog\/wp-json\/wp\/v2\/posts"}],"about":[{"href":"https:\/\/escritoriouniversal.com.br\/blog\/wp-json\/wp\/v2\/types\/post"}],"author":[{"embeddable":true,"href":"https:\/\/escritoriouniversal.com.br\/blog\/wp-json\/wp\/v2\/users\/1"}],"replies":[{"embeddable":true,"href":"https:\/\/escritoriouniversal.com.br\/blog\/wp-json\/wp\/v2\/comments?post=127"}],"version-history":[{"count":1,"href":"https:\/\/escritoriouniversal.com.br\/blog\/wp-json\/wp\/v2\/posts\/127\/revisions"}],"predecessor-version":[{"id":129,"href":"https:\/\/escritoriouniversal.com.br\/blog\/wp-json\/wp\/v2\/posts\/127\/revisions\/129"}],"wp:featuredmedia":[{"embeddable":true,"href":"https:\/\/escritoriouniversal.com.br\/blog\/wp-json\/wp\/v2\/media\/128"}],"wp:attachment":[{"href":"https:\/\/escritoriouniversal.com.br\/blog\/wp-json\/wp\/v2\/media?parent=127"}],"wp:term":[{"taxonomy":"category","embeddable":true,"href":"https:\/\/escritoriouniversal.com.br\/blog\/wp-json\/wp\/v2\/categories?post=127"},{"taxonomy":"post_tag","embeddable":true,"href":"https:\/\/escritoriouniversal.com.br\/blog\/wp-json\/wp\/v2\/tags?post=127"}],"curies":[{"name":"wp","href":"https:\/\/api.w.org\/{rel}","templated":true}]}}